{"id":14339,"date":"2026-03-02T21:13:20","date_gmt":"2026-03-02T21:13:20","guid":{"rendered":"https:\/\/proandpro.se\/?p=14339"},"modified":"2026-03-02T21:13:20","modified_gmt":"2026-03-02T21:13:20","slug":"valkommen-alice-var-student-associate-hr","status":"publish","type":"post","link":"http:\/\/proandpro.se\/en\/2026\/03\/02\/valkommen-alice-var-student-associate-hr\/","title":{"rendered":"V\u00e4lkommen Alice &#8211; v\u00e5r Student Associate HR"},"content":{"rendered":"<p>Vi har n\u00f6jet att v\u00e4lkomna Alice Rosenhamer Meffert till Pro&amp;Pro. Alice kommer att g\u00f6ra sin praktik inom HR omr\u00e5det fr\u00e5n 2 mars till 30 juni. Alice \u00e4r uppvuxen i Stockholm och har de senaste \u00e5ren pluggat till personalvetare och i januari tog hon examen vid Uppsala universitet. Nu v\u00e4ntar praktik vid Pro&amp;Pro i en roll som Student Associate HR.\u00a0 Agnes ska som f\u00f6rsta uppdrag utveckla Pro&amp;Pros onboardning process till n\u00e4sta niv\u00e5.<\/p>\n<p><strong>Vad ser du mest fram emot med din praktik vid Pro&amp;Pro?<\/strong><\/p>\n<p>Jag ser verkligen fram emot att g\u00f6ra min praktik vid Pro&amp;Pro och hoppas utveckla mina kunskaper inom HR i en ambiti\u00f6s och positiv milj\u00f6. Samtidig hoppas jag kunna bidra med engagemang och nyfikenhet.<\/p>\n<p><strong>Beskriv dig sj\u00e4lv med tre ord<\/strong><\/p>\n<p>Nyfiken, ambiti\u00f6s och glad. Jag gillar att testa nya saker oavsett om det handlar om nya arbetsuppgifter, utmaningar eller att flytta till Sundsvall \ud83d\ude42<\/p>\n<p><strong>Vad gillar du att g\u00f6ra p\u00e5 fritiden?<\/strong><\/p>\n<p>P\u00e5 fritiden reser jag g\u00e4rna, umg\u00e5s med v\u00e4nner eller simmar.<\/p>\n<p><strong>Tre snabba f\u00f6r att l\u00e4ra k\u00e4nna dig b\u00e4ttre<\/strong><\/p>\n<p>Min favoritglass \u00e4r Daimstrut.<\/p>\n<p>N\u00e4r jag var liten dr\u00f6mde jag om att arbeta med djur.<\/p>\n<p>Jag tycker inte att\u00a0matl\u00e5dor \u00e4r en \u201dick\u201d. Som f\u00f6re detta student ser jag det snarare som\u00a0mycket praktiskt och ekonomiskt f\u00f6rsvarbart.<\/p>","protected":false},"excerpt":{"rendered":"<p>Vi har n\u00f6jet att v\u00e4lkomna Alice Rosenhamer Meffert till Pro&amp;Pro. Alice kommer att g\u00f6ra sin praktik inom HR omr\u00e5det fr\u00e5n 2 mars till 30 juni. Alice \u00e4r uppvuxen i Stockholm och har de senaste \u00e5ren pluggat till personalvetare och i januari tog hon examen vid Uppsala universitet. Nu v\u00e4ntar praktik vid Pro&amp;Pro i en roll [&hellip;]<\/p>\n","protected":false},"author":3,"featured_media":14340,"comment_status":"closed","ping_status":"closed","sticky":false,"template":"","format":"standard","meta":{"_et_pb_use_builder":"","_et_pb_old_content":"","_et_gb_content_width":"","footnotes":""},"categories":[11],"tags":[],"class_list":["post-14339","post","type-post","status-publish","format-standard","has-post-thumbnail","hentry","category-nyheter"],"_links":{"self":[{"href":"http:\/\/proandpro.se\/en\/wp-json\/wp\/v2\/posts\/14339","targetHints":{"allow":["GET"]}}],"collection":[{"href":"http:\/\/proandpro.se\/en\/wp-json\/wp\/v2\/posts"}],"about":[{"href":"http:\/\/proandpro.se\/en\/wp-json\/wp\/v2\/types\/post"}],"author":[{"embeddable":true,"href":"http:\/\/proandpro.se\/en\/wp-json\/wp\/v2\/users\/3"}],"replies":[{"embeddable":true,"href":"http:\/\/proandpro.se\/en\/wp-json\/wp\/v2\/comments?post=14339"}],"version-history":[{"count":3,"href":"http:\/\/proandpro.se\/en\/wp-json\/wp\/v2\/posts\/14339\/revisions"}],"predecessor-version":[{"id":14343,"href":"http:\/\/proandpro.se\/en\/wp-json\/wp\/v2\/posts\/14339\/revisions\/14343"}],"wp:featuredmedia":[{"embeddable":true,"href":"http:\/\/proandpro.se\/en\/wp-json\/wp\/v2\/media\/14340"}],"wp:attachment":[{"href":"http:\/\/proandpro.se\/en\/wp-json\/wp\/v2\/media?parent=14339"}],"wp:term":[{"taxonomy":"category","embeddable":true,"href":"http:\/\/proandpro.se\/en\/wp-json\/wp\/v2\/categories?post=14339"},{"taxonomy":"post_tag","embeddable":true,"href":"http:\/\/proandpro.se\/en\/wp-json\/wp\/v2\/tags?post=14339"}],"curies":[{"name":"wp","href":"https:\/\/api.w.org\/{rel}","templated":true}]}}